{"id":1026,"date":"2016-06-15T13:48:48","date_gmt":"2016-06-15T16:48:48","guid":{"rendered":"https:\/\/iate.oac.uncor.edu\/?p=1026"},"modified":"2016-07-07T16:14:40","modified_gmt":"2016-07-07T19:14:40","slug":"la-museos-de-la-unc-en-la-noche-de-los-200-anos","status":"publish","type":"post","link":"https:\/\/iate.oac.uncor.edu\/en\/2016\/06\/15\/la-museos-de-la-unc-en-la-noche-de-los-200-anos\/","title":{"rendered":"La Museos de la UNC en La Noche de los 200 a\u00f1os"},"content":{"rendered":"<p style=\"text-align: justify;\"><span style=\"font-size: 12pt;\">La Universidad Nacional de C\u00f3rdoba se prepara para festejar el Bicentenario de la Declaraci\u00f3n de la Independencia de nuestro pa\u00eds. \u00a0El 8 de julio pr\u00f3ximo, de 20 a 02 de la madrugada, los\u00a0Museos de la UNC\u00a0abrir\u00e1n sus puertas para celebrar este hecho hist\u00f3rico\u00a0 mostrando sus acervos\u00a0 y realizando m\u00faltiples actividades art\u00edsticas y l\u00fadicas.<\/span><\/p>\n<p style=\"text-align: justify;\"><span style=\"font-size: 12pt;\">El festejo forma parte de\u00a0 la celebraci\u00f3n nacional\u00a0 \u201cLa Noche de los 200 a\u00f1os\u201d, que se llevar\u00e1 a cabo en diversas ciudades de Argentina. \u00a0Particularmente en C\u00f3rdoba se sumar\u00e1n al evento Museos y distintos espacios culturales.<\/span><\/p>\n<p style=\"text-align: justify;\"><span style=\"font-size: 12pt;\">Ser\u00e1 una \u201cnoche de vigilia\u201d que nos invitar\u00e1 a reflexionar sobre la Declaraci\u00f3n de la Independencia de Argentina\u00a0 de 1816, su trascendencia en el tiempo e incidencia en\u00a0 la organizaci\u00f3n del pa\u00eds. Desde C\u00f3rdoba, ser\u00e1 tambi\u00e9n una manera de vivenciar nuestras tradiciones,\u00a0 costumbres,\u00a0 comportamientos, representaciones sociales, im\u00e1genes, s\u00edmbolos y significados culturales compartidos que han ayudado a construir la identidad de esta provincia.<\/span><\/p>\n<p style=\"text-align: justify;\"><span style=\"font-size: 12pt;\"><a href=\"https:\/\/lanochedelos200.unc.edu.ar\/\">La \u201cNoche de los 200 a\u00f1os\u201d en los Museos de la UNC<\/a> prev\u00e9 la realizaci\u00f3n de visitas libres y guiadas, como tambi\u00e9n, de variadas expresiones art\u00edsticas (teatro, m\u00fasica, instalaciones, video arte, performances, etc.<a href=\"https:\/\/iate.oac.uncor.edu\/wp-content\/uploads\/2016\/06\/oac1.jpg\"><img loading=\"lazy\" decoding=\"async\" class=\"size-medium wp-image-1028 alignright\" src=\"https:\/\/iate.oac.uncor.edu\/wp-content\/uploads\/2016\/06\/oac1-300x201.jpg\" alt=\"oac1\" width=\"300\" height=\"201\" srcset=\"https:\/\/iate.oac.uncor.edu\/wp-content\/uploads\/2016\/06\/oac1-300x201.jpg 300w, https:\/\/iate.oac.uncor.edu\/wp-content\/uploads\/2016\/06\/oac1-768x515.jpg 768w, https:\/\/iate.oac.uncor.edu\/wp-content\/uploads\/2016\/06\/oac1.jpg 800w\" sizes=\"auto, (max-width: 300px) 100vw, 300px\" \/><\/a>) y experiencias l\u00fadicas, con diversos formatos y tem\u00e1ticas\u00a0 relacionados a las colecciones de cada uno de ellos.<\/span><\/p>\n<p style=\"text-align: justify;\"><span style=\"font-size: 12pt;\">De esta manera,\u00a0 los\u00a0 Museos de la UNC,\u00a0nos invitar\u00e1n\u00a0 a reflexionar\u00a0 sobre el contenido de sus acervos que, ligados a la historia de la Universidad, tambi\u00e9n contienen desde perspectivas diferentes la historia de C\u00f3rdoba y su proyecci\u00f3n en el pa\u00eds y en el mundo: el protagonismo de la Manzana Jesu\u00edtica a lo largo de los a\u00f1os, libros que inspiraron la Independencia, piezas y objetos de \u00e9poca, dise\u00f1os arquitect\u00f3nicos que dan cuenta del desarrollo urban\u00edstico de la ciudad, la Reforma Universitaria. \u00a0Y por supuesto tambi\u00e9n los comienzos del desarrollo cient\u00edfico de Argentina, los aportes de relevantes conocimientos\u00a0 vinculados a las ciencias de la salud, la psicolog\u00eda, la antropolog\u00eda, las ciencias naturales, la astronom\u00eda, la\u00a0 arquitectura y la innovaci\u00f3n tecnol\u00f3gica.<\/span><\/p>","protected":false},"excerpt":{"rendered":"<p>La Universidad Nacional de C\u00f3rdoba se prepara para festejar el Bicentenario de la Declaraci\u00f3n de la Independencia de nuestro pa\u00eds. \u00a0El 8 de julio pr\u00f3ximo, de 20 a 02 de la madrugada, los\u00a0Museos de la UNC\u00a0abrir\u00e1n sus puertas para celebrar este hecho hist\u00f3rico\u00a0 mostrando sus acervos\u00a0 y realizando m\u00faltiples actividades&hellip;<\/p>","protected":false},"author":1,"featured_media":1027,"comment_status":"closed","ping_status":"closed","sticky":false,"template":"","format":"standard","meta":{"footnotes":""},"categories":[3],"tags":[],"class_list":["post-1026","post","type-post","status-publish","format-standard","has-post-thumbnail","hentry","category-novedades"],"_links":{"self":[{"href":"https:\/\/iate.oac.uncor.edu\/en\/wp-json\/wp\/v2\/posts\/1026","targetHints":{"allow":["GET"]}}],"collection":[{"href":"https:\/\/iate.oac.uncor.edu\/en\/wp-json\/wp\/v2\/posts"}],"about":[{"href":"https:\/\/iate.oac.uncor.edu\/en\/wp-json\/wp\/v2\/types\/post"}],"author":[{"embeddable":true,"href":"https:\/\/iate.oac.uncor.edu\/en\/wp-json\/wp\/v2\/users\/1"}],"replies":[{"embeddable":true,"href":"https:\/\/iate.oac.uncor.edu\/en\/wp-json\/wp\/v2\/comments?post=1026"}],"version-history":[{"count":0,"href":"https:\/\/iate.oac.uncor.edu\/en\/wp-json\/wp\/v2\/posts\/1026\/revisions"}],"wp:featuredmedia":[{"embeddable":true,"href":"https:\/\/iate.oac.uncor.edu\/en\/wp-json\/wp\/v2\/media\/1027"}],"wp:attachment":[{"href":"https:\/\/iate.oac.uncor.edu\/en\/wp-json\/wp\/v2\/media?parent=1026"}],"wp:term":[{"taxonomy":"category","embeddable":true,"href":"https:\/\/iate.oac.uncor.edu\/en\/wp-json\/wp\/v2\/categories?post=1026"},{"taxonomy":"post_tag","embeddable":true,"href":"https:\/\/iate.oac.uncor.edu\/en\/wp-json\/wp\/v2\/tags?post=1026"}],"curies":[{"name":"wp","href":"https:\/\/api.w.org\/{rel}","templated":true}]}}