{"id":1383,"date":"2017-02-21T14:41:47","date_gmt":"2017-02-21T17:41:47","guid":{"rendered":"https:\/\/iate.oac.uncor.edu\/?p=1383"},"modified":"2017-02-22T10:44:13","modified_gmt":"2017-02-22T13:44:13","slug":"inicio-de-campanas-2017-al-centro-astronomico-macon","status":"publish","type":"post","link":"https:\/\/iate.oac.uncor.edu\/en\/2017\/02\/21\/inicio-de-campanas-2017-al-centro-astronomico-macon\/","title":{"rendered":"Inicio de campa\u00f1as 2017 al Centro Astron\u00f3mico Mac\u00f3n"},"content":{"rendered":"<p style=\"text-align: justify;\"><em>Se llev\u00f3 a cabo el primer viaje del a\u00f1o al Centro Astron\u00f3mico (CAM)\u00a0 que el Observatorio de C\u00f3rdoba (OAC), el Instituto de Astronom\u00eda Te\u00f3rica y Experimental (IATE) y otras instituciones est\u00e1n construyendo en la Puna Salte\u00f1a.<\/em><\/p>\n<p style=\"text-align: justify;\">Un grupo conformado por investigadores, ingenieros y aficionados a la astronom\u00eda viajaron a Salta para continuar \u00a0las tareas que se vienen desarrollando en el cerro Mac\u00f3n, que tienen por objetivo construir el centro astron\u00f3mico que albergar\u00e1 un gran n\u00famero de proyectos.<\/p>\n<p style=\"text-align: justify;\">El Centro Astron\u00f3mico cuenta en la actualidad con tres grande proyectos que se vienen desarrollando desde hace varios a\u00f1os, y que persiguen objetivos diferentes en cuanto al desarrollo cient\u00edfico.<\/p>\n<p style=\"text-align: justify;\"><img loading=\"lazy\" decoding=\"async\" class=\"aligncenter wp-image-1384 size-large\" src=\"https:\/\/iate.oac.uncor.edu\/wp-content\/uploads\/2017\/02\/url-1024x377.jpg\" width=\"810\" height=\"298\" srcset=\"https:\/\/iate.oac.uncor.edu\/wp-content\/uploads\/2017\/02\/url-1024x377.jpg 1024w, https:\/\/iate.oac.uncor.edu\/wp-content\/uploads\/2017\/02\/url-300x111.jpg 300w, https:\/\/iate.oac.uncor.edu\/wp-content\/uploads\/2017\/02\/url.jpg 1200w\" sizes=\"auto, (max-width: 810px) 100vw, 810px\" \/>La idea actual es instalar \u00a0un Telescopio, Meade 16&#8243; con c\u00e1mara CCD que funcionar\u00e1 en forma remota desde Tolar Grande, el pueblo m\u00e1s cercano al CAM, para poner \u00a0a punto diversos aspectos t\u00e9cnicos, tales como: \u00a0el funcionamiento del mismo en condiciones adversas, como vientos, bajas temperaturas etc. Por otro lado, un equipo de estas caracter\u00edsticas, en este sitio, permitir\u00e1\u00a0\u00a0 seguir aportando datos para el estudio de variaciones de tiempo de tr\u00e1nsito de exoplanetas, asteroides, estrellas variables entre otros.<\/p>\n<p style=\"text-align: justify;\"><img loading=\"lazy\" decoding=\"async\" class=\"size-medium wp-image-1385 alignleft\" src=\"https:\/\/iate.oac.uncor.edu\/wp-content\/uploads\/2017\/02\/url1-300x200.jpg\" alt=\"\" width=\"300\" height=\"200\" srcset=\"https:\/\/iate.oac.uncor.edu\/wp-content\/uploads\/2017\/02\/url1-300x200.jpg 300w, https:\/\/iate.oac.uncor.edu\/wp-content\/uploads\/2017\/02\/url1-1024x684.jpg 1024w, https:\/\/iate.oac.uncor.edu\/wp-content\/uploads\/2017\/02\/url1.jpg 1200w\" sizes=\"auto, (max-width: 300px) 100vw, 300px\" \/>\u00a0En esta primera campa\u00f1a se llev\u00f3 este telescopio y se eligi\u00f3 el lugar donde ser\u00e1 emplazado, como as\u00ed tambi\u00e9n se supervisaron las obras de construcci\u00f3n del laboratorio y espacio de viviendas \u00a0que se est\u00e1n llevando adelante el Centro de Integraci\u00f3n Urbana ( CIU) del municipio de Tolar Grande.<\/p>\n<p style=\"text-align: justify;\">&#8220;Fue un viaje muy productivo, pudimos ver en que situaci\u00f3n estaban lo equipos con los que vamos a trabajar en las siguientes campa\u00f1as\u00a0y prever lo que har\u00e1 falta \u201d. Relata Horacio Rodriguez, uno de los ingenieros participantes de la campa\u00f1a<\/p>\n<p style=\"text-align: justify;\">El CIU \u00a0se encuentra \u00a0en su etapa final de construcci\u00f3n , y\u00a0 ser\u00e1 inaugurado el pr\u00f3ximo mes de abril.<\/p>\n<p style=\"text-align: justify;\">\u201cCon la Instalaci\u00f3n del telescopio en Tolar Grande podremos comenzar proyectos cient\u00edficos espec\u00edficos,\u00a0 tales como; estudiar tr\u00e1nsitos planetarios, rotaci\u00f3n de asteroides \u00a0y continuar con nuestra participaci\u00f3n en la atenci\u00f3n de las alarmas producidas por LIGO, lo cual forma parte del proyecto TOROS. &#8220;relata Carlos Colazo,miembro del GAF que particip\u00f3 de este primer viaje.<\/p>\n<p style=\"text-align: justify;\"><strong>Convenio con el Ministerio de Ciencia y T\u00e9cnica de la Provincia de C\u00f3rdoba<\/strong><\/p>\n<p style=\"text-align: justify;\">Recientemente se firm\u00f3 un convenio de colaboraci\u00f3n entre el Ministerio de Ciencia y T\u00e9cnica de la provincia de C\u00f3rdoba y el IATE-OAC mediante el cual las instituciones firmantes formalizan el compromiso de colaboraci\u00f3n para llevar adelante la finalizaci\u00f3n del centro astron\u00f3mico Mac\u00f3n y la participaci\u00f3n del IATE-OAC en proyectos de divulgaci\u00f3n de la astronom\u00eda.<\/p>\n<p style=\"text-align: justify;\"><strong>Centro Astron\u00f3mico Mac\u00f3n<\/strong><\/p>\n<p style=\"text-align: justify;\">El lugar donde funcionar\u00e1 el \u201cCentro Astron\u00f3mico Mac\u00f3n\u201d re\u00fane \u00f3ptimas condiciones para la astronom\u00eda observacional. El cielo est\u00e1 despejado m\u00e1s del 93% de las noches del a\u00f1o, y carece de contaminaci\u00f3n lum\u00ednica gracias a la distancia que lo separa de grandes urbes. All\u00ed, el OAC &#8211; IATE desarrolla tres proyectos, todos en convenio con otras instituciones. Se trata de TOROS, ABRAS e ISON.<\/p>\n<p style=\"text-align: justify;\">[abcf-andora-lightbox id=&#8221;1408&#8243; template=&#8221;galleryl&#8221;]<\/p>","protected":false},"excerpt":{"rendered":"<p>Se llev\u00f3 a cabo el primer viaje del a\u00f1o al Centro Astron\u00f3mico (CAM)\u00a0 que el Observatorio de C\u00f3rdoba (OAC), el Instituto de Astronom\u00eda Te\u00f3rica y Experimental (IATE) y otras instituciones est\u00e1n construyendo en la Puna Salte\u00f1a. Un grupo conformado por investigadores, ingenieros y aficionados a la astronom\u00eda viajaron a Salta&hellip;<\/p>","protected":false},"author":1,"featured_media":1396,"comment_status":"closed","ping_status":"closed","sticky":false,"template":"","format":"standard","meta":{"footnotes":""},"categories":[3],"tags":[],"class_list":["post-1383","post","type-post","status-publish","format-standard","has-post-thumbnail","hentry","category-novedades"],"_links":{"self":[{"href":"https:\/\/iate.oac.uncor.edu\/en\/wp-json\/wp\/v2\/posts\/1383","targetHints":{"allow":["GET"]}}],"collection":[{"href":"https:\/\/iate.oac.uncor.edu\/en\/wp-json\/wp\/v2\/posts"}],"about":[{"href":"https:\/\/iate.oac.uncor.edu\/en\/wp-json\/wp\/v2\/types\/post"}],"author":[{"embeddable":true,"href":"https:\/\/iate.oac.uncor.edu\/en\/wp-json\/wp\/v2\/users\/1"}],"replies":[{"embeddable":true,"href":"https:\/\/iate.oac.uncor.edu\/en\/wp-json\/wp\/v2\/comments?post=1383"}],"version-history":[{"count":0,"href":"https:\/\/iate.oac.uncor.edu\/en\/wp-json\/wp\/v2\/posts\/1383\/revisions"}],"wp:featuredmedia":[{"embeddable":true,"href":"https:\/\/iate.oac.uncor.edu\/en\/wp-json\/wp\/v2\/media\/1396"}],"wp:attachment":[{"href":"https:\/\/iate.oac.uncor.edu\/en\/wp-json\/wp\/v2\/media?parent=1383"}],"wp:term":[{"taxonomy":"category","embeddable":true,"href":"https:\/\/iate.oac.uncor.edu\/en\/wp-json\/wp\/v2\/categories?post=1383"},{"taxonomy":"post_tag","embeddable":true,"href":"https:\/\/iate.oac.uncor.edu\/en\/wp-json\/wp\/v2\/tags?post=1383"}],"curies":[{"name":"wp","href":"https:\/\/api.w.org\/{rel}","templated":true}]}}