{"id":1514,"date":"2017-03-17T10:24:00","date_gmt":"2017-03-17T13:24:00","guid":{"rendered":"https:\/\/iate.oac.uncor.edu\/?p=1514"},"modified":"2017-03-17T10:24:00","modified_gmt":"2017-03-17T13:24:00","slug":"dia-nacional-de-los-monumentos-historicos","status":"publish","type":"post","link":"https:\/\/iate.oac.uncor.edu\/en\/2017\/03\/17\/dia-nacional-de-los-monumentos-historicos\/","title":{"rendered":"D\u00eda Nacional de los Monumentos Hist\u00f3ricos"},"content":{"rendered":"<p style=\"text-align: justify;\"><span style=\"font-size: 12pt;\">El Ministerio de Cultura de la Naci\u00f3n, a trav\u00e9s de la Comisi\u00f3n Nacional de Monumentos, Lugares y Bienes Hist\u00f3ricos, invita a celebrar el D\u00eda Nacional de los Monumentos en todo el pa\u00eds. Durante ese fin de semana, se abrir\u00e1n al p\u00fablico distintos monumentos y edificios de inter\u00e9s patrimonial para generar visitas y actividades que promuevan la valoraci\u00f3n de estos sitios.<\/span><\/p>\n<p style=\"text-align: justify;\"><span style=\"font-size: 12pt;\">El Observatorio fue declarado Monumento Hist\u00f3rico Nacional, por ley 24.595 en 1995; junto al Museo Meteorol\u00f3gico Nacional y el Servicio Meteorol\u00f3gico Nacional, y se une a la celebraci\u00f3n con actividades libres y gratuitas el S\u00e1bado 18 de marzo de 20 a 00.30 hs.<\/span><\/p>\n<p style=\"text-align: justify;\"><span style=\"font-size: 12pt;\">Asimismo participan otras entidades que muestran la riqueza patrimonial cultural de nuestro pa\u00eds: casas, corrales, diques, usinas, puentes, f\u00e1bricas, palacios, teatros y estancias sirvieron para funciones colectivas e individuales, p\u00fablicas y privadas.<\/span><\/p>\n<h1 style=\"text-align: justify;\"><span style=\"font-size: 12pt;\">OAC monumento hist\u00f3rico<\/span><\/h1>\n<p style=\"text-align: justify;\">\n<span style=\"font-size: 12pt;\">La sede actual comenz\u00f3 a levantarse durante al gesti\u00f3n del Dr. Charles Perrine y se inaugur\u00f3 en 1930. Entre 1911 y 1913 se construyeron las dos torres ubicadas en la fachada norte, una al Este (donde se encuentra actualmente el Telescopio Ecuatorial) y otra al Oeste (donde se aloja el Astrogr\u00e1fico), con c\u00fapulas de 7 metros de di\u00e1metro, que fueron integradas a la estructura principal del nuevo edificio. El conjunto, como ocurr\u00eda con la primera sede, estaba orientado seg\u00fan los puntos cardinales y se realiz\u00f3 un trazado ortogonal, con las torres con las c\u00fapulas en los v\u00e9rtices y una al centro de la fachada sur.<\/span><\/p>\n<p style=\"text-align: justify;\"><span style=\"font-size: 12pt;\">Una de las \u00faltimas construcciones realizadas \u2013 en 1929 \u2013 fueron tres c\u00fapulas ubicadas al Sur. De construcci\u00f3n nacional, dos de ellas ten\u00edan 5 metros de di\u00e1metro (una al este y otra al oeste) donde se aloj\u00f3 el refractor port\u00e1til con el que se realiz\u00f3 la C\u00f3rdoba Durchmusterung y la c\u00e1mara Saegm\u00fcller \u2013 Brashear.<\/span><\/p>\n<p style=\"text-align: justify;\"><span style=\"font-size: 12pt;\">La tercera c\u00fapula, al centro sobre la entrada, con un di\u00e1metro de 7 metros, fue el lugar donde se coloc\u00f3 el telescopio reflector de 76 cent\u00edmetros (hoy el tubo del telescopio se exhibe a la entrada del Moa y en la c\u00fapula funciona el planetario)<\/span><\/p>\n<p style=\"text-align: justify;\"><span style=\"font-size: 12pt;\">En septiembre de 1929 las obras terminaron, las c\u00fapulas fueron pintadas de blanco y la sede adquiri\u00f3 la forma que hoy puede apreciarse.<\/span><\/p>\n<h2 style=\"text-align: justify;\"><span style=\"font-size: 12pt;\">ACTIVIDADES <\/span><\/h2>\n<p style=\"text-align: justify;\">\n<span style=\"font-size: 12pt;\">S\u00e1bado 18 de marzo de 20 hs. a 00.30 hs.<\/span><\/p>\n<ul>\n<li style=\"text-align: justify;\"><span style=\"font-size: 12pt;\">Visitas guiadas por el Museo del Observatorio. <\/span><\/li>\n<li style=\"text-align: justify;\"><span style=\"font-size: 12pt;\">Observaciones con Telescopios en el parque a cargo del Grupo de Astrometr\u00eda y Fotometr\u00eda (GAF).<\/span><\/li>\n<li style=\"text-align: justify;\"><span style=\"font-size: 12pt;\">Taller para ni\u00f1os. Aula S\u00e9rsic. <\/span><\/li>\n<li style=\"text-align: justify;\"><span style=\"font-size: 12pt;\">Muestra de fotos \u201cCassandra\u201d. Casa de extensi\u00f3n.<\/span><\/li>\n<li style=\"text-align: justify;\"><span style=\"font-size: 12pt;\">Muestra de placas fotogr\u00e1ficas patrimonio del OAC , especial Monumentos. Biblioteca OAC.<\/span><\/li>\n<li style=\"text-align: justify;\"><span style=\"font-size: 12pt;\">Visitas guiadas por el predio recorriendo el patrimonio hist\u00f3rico recuperado (Rejas centenarias, Caballeriza y montura de Telescopio Perrine) a cargo del historiador Santiago Paolantonio. Horario: 20.30 hs, 21.30 hs. y 22.30 hs.<\/span><\/li>\n<li style=\"text-align: justify;\"><span style=\"font-size: 12pt;\">Cuarteto de Flautas dirigido por Cecilia Ulloque. Proyecto flautistas en concierto.\u201dLatinoamerica suena !\u201d Hall Central. Horario: 20.00 hs.<\/span><\/li>\n<li style=\"text-align: justify;\"><span style=\"font-size: 12pt;\">Orquesta Sinf\u00f3nica de la Municipalidad de C\u00f3rdoba a cargo del maestro Hernando Varela. Horario: 20.45 hs en el Auditorio Mirta Mosconi<\/span><\/li>\n<\/ul>\n<p style=\"text-align: justify;\"><span style=\"font-size: 12pt;\">Busc\u00e1 qu\u00e9 monumentos pod\u00e9s visitar en tu Provincia. <a href=\"https:\/\/Un peque\u00f1o paso para J\u00fapiter, un gran salto para el sistema solar\">Ac\u00e1<\/a><\/span><\/p>","protected":false},"excerpt":{"rendered":"<p>El Ministerio de Cultura de la Naci\u00f3n, a trav\u00e9s de la Comisi\u00f3n Nacional de Monumentos, Lugares y Bienes Hist\u00f3ricos, invita a celebrar el D\u00eda Nacional de los Monumentos en todo el pa\u00eds. Durante ese fin de semana, se abrir\u00e1n al p\u00fablico distintos monumentos y edificios de inter\u00e9s patrimonial para generar&hellip;<\/p>","protected":false},"author":1,"featured_media":1518,"comment_status":"closed","ping_status":"closed","sticky":false,"template":"","format":"standard","meta":{"footnotes":""},"categories":[3],"tags":[],"class_list":["post-1514","post","type-post","status-publish","format-standard","has-post-thumbnail","hentry","category-novedades"],"_links":{"self":[{"href":"https:\/\/iate.oac.uncor.edu\/en\/wp-json\/wp\/v2\/posts\/1514","targetHints":{"allow":["GET"]}}],"collection":[{"href":"https:\/\/iate.oac.uncor.edu\/en\/wp-json\/wp\/v2\/posts"}],"about":[{"href":"https:\/\/iate.oac.uncor.edu\/en\/wp-json\/wp\/v2\/types\/post"}],"author":[{"embeddable":true,"href":"https:\/\/iate.oac.uncor.edu\/en\/wp-json\/wp\/v2\/users\/1"}],"replies":[{"embeddable":true,"href":"https:\/\/iate.oac.uncor.edu\/en\/wp-json\/wp\/v2\/comments?post=1514"}],"version-history":[{"count":0,"href":"https:\/\/iate.oac.uncor.edu\/en\/wp-json\/wp\/v2\/posts\/1514\/revisions"}],"wp:featuredmedia":[{"embeddable":true,"href":"https:\/\/iate.oac.uncor.edu\/en\/wp-json\/wp\/v2\/media\/1518"}],"wp:attachment":[{"href":"https:\/\/iate.oac.uncor.edu\/en\/wp-json\/wp\/v2\/media?parent=1514"}],"wp:term":[{"taxonomy":"category","embeddable":true,"href":"https:\/\/iate.oac.uncor.edu\/en\/wp-json\/wp\/v2\/categories?post=1514"},{"taxonomy":"post_tag","embeddable":true,"href":"https:\/\/iate.oac.uncor.edu\/en\/wp-json\/wp\/v2\/tags?post=1514"}],"curies":[{"name":"wp","href":"https:\/\/api.w.org\/{rel}","templated":true}]}}