{"id":2098,"date":"2019-06-07T10:56:00","date_gmt":"2019-06-07T13:56:00","guid":{"rendered":"https:\/\/iate.oac.uncor.edu\/?p=2098"},"modified":"2019-06-07T10:56:00","modified_gmt":"2019-06-07T13:56:00","slug":"un-lugar-privilegiado-en-el-planeta-para-contemplar-el-eclipse-total-de-sol-del-2-de-julio","status":"publish","type":"post","link":"https:\/\/iate.oac.uncor.edu\/en\/2019\/06\/07\/un-lugar-privilegiado-en-el-planeta-para-contemplar-el-eclipse-total-de-sol-del-2-de-julio\/","title":{"rendered":"Un lugar privilegiado en el planeta para contemplar el eclipse total de Sol del 2 de julio"},"content":{"rendered":"<p><em>Ser\u00e1 el evento astron\u00f3mico m\u00e1s importante del a\u00f1o para el hemisferio sur. Este fen\u00f3meno natural \u2013donde la Luna se interpone entre la Tierra y el Sol\u2013 no volver\u00e1 a verse desde esta regi\u00f3n hasta dentro de 375 a\u00f1os.\u00a0<\/em><\/p>\n\n\n\n<p>El pr\u00f3ximo 2 de julio, a las 17:40 aproximadamente y durante casi dos minutos, quienes se encuentren en el sur de la provincia de C\u00f3rdoba ser\u00e1n espectadores predilectos de un evento astron\u00f3mico sin igual: un eclipse total de Sol.<\/p>\n\n\n\n<p>Durante ese breve lapso, las \u00f3rbitas de la Tierra y la Luna estar\u00e1n alineadas de forma que el Sol quedar\u00e1 completamente bloqueado y la sombra del sat\u00e9lite natural se proyectar\u00e1 sobre la superficie terrestre. En una franja del sur cordob\u00e9s, la oscuridad ser\u00e1 total y las estrellas en el firmamento podr\u00e1n observarse como si fuese de noche.<\/p>\n\n\n\n<p>La \u00faltima vez que desde esta provincia pudo observarse un fen\u00f3meno de esta naturaleza y con estas caracter\u00edsticas fue en 1947. Y los c\u00e1lculos prev\u00e9n que deber\u00e1n pasar otros 375 a\u00f1os para que pueda verse nuevamente desde esta zona en particular.<\/p>\n\n\n\n<p>Si bien el eclipse tambi\u00e9n podr\u00e1 contemplarse desde otras latitudes del pa\u00eds y Am\u00e9rica del Sur, en esos lugares el ocultamiento ser\u00e1 solamente parcial. El porcentaje depender\u00e1 de qu\u00e9 tan alejado se encuentre el espectador de la franja de ocultamiento total.<\/p>\n\n\n\n<p>Cabe recordar que para mirar el eclipse de manera segura es importante utilizar filtros adecuados, ya que los rayos UV del astro pueden quemar las retinas y ocasionar da\u00f1os permanentes e inclusive ceguera.<\/p>\n\n\n\n<p>El Obaserbatorio Astron\u00f3mico de C\u00f3rdoba realizar\u00e1 diferentes actividades para todo p\u00fablico: toda la informaci\u00f3n <a href=\"https:\/\/oac.unc.edu.ar\/2019\/05\/13\/cordoba-un-lugar-privilegiado-en-el-planeta-para-contemplar-el-eclipse-total-de-sol-del-2-de-julio\/\">here<\/a>.<\/p>\n\n\n\n<p><\/p>","protected":false},"excerpt":{"rendered":"<p>Ser\u00e1 el evento astron\u00f3mico m\u00e1s importante del a\u00f1o para el hemisferio sur. Este fen\u00f3meno natural \u2013donde la Luna se interpone entre la Tierra y el Sol\u2013 no volver\u00e1 a verse desde esta regi\u00f3n hasta dentro de 375 a\u00f1os.\u00a0 El pr\u00f3ximo 2 de julio, a las 17:40 aproximadamente y durante casi&hellip;<\/p>","protected":false},"author":1,"featured_media":2099,"comment_status":"closed","ping_status":"closed","sticky":false,"template":"","format":"standard","meta":{"footnotes":""},"categories":[3],"tags":[],"class_list":["post-2098","post","type-post","status-publish","format-standard","has-post-thumbnail","hentry","category-novedades"],"_links":{"self":[{"href":"https:\/\/iate.oac.uncor.edu\/en\/wp-json\/wp\/v2\/posts\/2098","targetHints":{"allow":["GET"]}}],"collection":[{"href":"https:\/\/iate.oac.uncor.edu\/en\/wp-json\/wp\/v2\/posts"}],"about":[{"href":"https:\/\/iate.oac.uncor.edu\/en\/wp-json\/wp\/v2\/types\/post"}],"author":[{"embeddable":true,"href":"https:\/\/iate.oac.uncor.edu\/en\/wp-json\/wp\/v2\/users\/1"}],"replies":[{"embeddable":true,"href":"https:\/\/iate.oac.uncor.edu\/en\/wp-json\/wp\/v2\/comments?post=2098"}],"version-history":[{"count":0,"href":"https:\/\/iate.oac.uncor.edu\/en\/wp-json\/wp\/v2\/posts\/2098\/revisions"}],"wp:featuredmedia":[{"embeddable":true,"href":"https:\/\/iate.oac.uncor.edu\/en\/wp-json\/wp\/v2\/media\/2099"}],"wp:attachment":[{"href":"https:\/\/iate.oac.uncor.edu\/en\/wp-json\/wp\/v2\/media?parent=2098"}],"wp:term":[{"taxonomy":"category","embeddable":true,"href":"https:\/\/iate.oac.uncor.edu\/en\/wp-json\/wp\/v2\/categories?post=2098"},{"taxonomy":"post_tag","embeddable":true,"href":"https:\/\/iate.oac.uncor.edu\/en\/wp-json\/wp\/v2\/tags?post=2098"}],"curies":[{"name":"wp","href":"https:\/\/api.w.org\/{rel}","templated":true}]}}