{"id":2465,"date":"2020-04-04T12:00:30","date_gmt":"2020-04-04T15:00:30","guid":{"rendered":"https:\/\/iate.oac.uncor.edu\/?p=2465"},"modified":"2020-04-04T12:03:18","modified_gmt":"2020-04-04T15:03:18","slug":"profesional-para-desarrollos-electronicos-y-electromecanicos","status":"publish","type":"post","link":"https:\/\/iate.oac.uncor.edu\/en\/2020\/04\/04\/profesional-para-desarrollos-electronicos-y-electromecanicos\/","title":{"rendered":"Oportunidad Laboral"},"content":{"rendered":"<h2>Profesional para desarrollos electr\u00f3nicos y electromec\u00e1nicos<\/h2>\n<p style=\"text-align: justify;\">Llamado a Concurso para cubrir un cargo de Profesional para desarrollos electr\u00f3nicos y electromec\u00e1nicos en el el Instituto de Astronom\u00eda Te\u00f3rica y Experimental (IATE) perteneciente al Consejo Nacional de Investigaciones Cient\u00edficas y T\u00e9cnicas (CONICET) y a la Universidad Nacional de C\u00f3rdoba, Argentina. Este llamado es desde el <strong>25 de Marzo de 2020 hasta el 13 de Abril<\/strong> del corriente a\u00f1o.<\/p>\n<p style=\"text-align: justify;\">Detalles de tareas a realizar y requisitos: <a href=\"https:\/\/iate.oac.uncor.edu\/wp-content\/uploads\/2020\/04\/2020-IATE-Profesional-para-desarrollos-electr\u00f3nicos-y-electromec\u00e1nicos.pdf\">2020-IATE-Profesional-para-desarrollos-electr\u00f3nicos-y-electromec\u00e1nicos<\/a><\/p>\n<p style=\"text-align: justify;\">Instructivo para la postulaci\u00f3n: <a href=\"https:\/\/iate.oac.uncor.edu\/wp-content\/uploads\/2020\/04\/INSTRUCTIVO-POSTULANTES.pdf\">INSTRUCTIVO-POSTULANTES<\/a><\/p>\n<p>&nbsp;<\/p>\n<h2><\/h2>","protected":false},"excerpt":{"rendered":"<p>Profesional para desarrollos electr\u00f3nicos y electromec\u00e1nicos Llamado a Concurso para cubrir un cargo de Profesional para desarrollos electr\u00f3nicos y electromec\u00e1nicos en el el Instituto de Astronom\u00eda Te\u00f3rica y Experimental (IATE) perteneciente al Consejo Nacional de Investigaciones Cient\u00edficas y T\u00e9cnicas (CONICET) y a la Universidad Nacional de C\u00f3rdoba, Argentina. Este llamado&hellip;<\/p>","protected":false},"author":1,"featured_media":2121,"comment_status":"closed","ping_status":"closed","sticky":false,"template":"","format":"standard","meta":{"footnotes":""},"categories":[3],"tags":[],"class_list":["post-2465","post","type-post","status-publish","format-standard","has-post-thumbnail","hentry","category-novedades"],"_links":{"self":[{"href":"https:\/\/iate.oac.uncor.edu\/en\/wp-json\/wp\/v2\/posts\/2465","targetHints":{"allow":["GET"]}}],"collection":[{"href":"https:\/\/iate.oac.uncor.edu\/en\/wp-json\/wp\/v2\/posts"}],"about":[{"href":"https:\/\/iate.oac.uncor.edu\/en\/wp-json\/wp\/v2\/types\/post"}],"author":[{"embeddable":true,"href":"https:\/\/iate.oac.uncor.edu\/en\/wp-json\/wp\/v2\/users\/1"}],"replies":[{"embeddable":true,"href":"https:\/\/iate.oac.uncor.edu\/en\/wp-json\/wp\/v2\/comments?post=2465"}],"version-history":[{"count":0,"href":"https:\/\/iate.oac.uncor.edu\/en\/wp-json\/wp\/v2\/posts\/2465\/revisions"}],"wp:featuredmedia":[{"embeddable":true,"href":"https:\/\/iate.oac.uncor.edu\/en\/wp-json\/wp\/v2\/media\/2121"}],"wp:attachment":[{"href":"https:\/\/iate.oac.uncor.edu\/en\/wp-json\/wp\/v2\/media?parent=2465"}],"wp:term":[{"taxonomy":"category","embeddable":true,"href":"https:\/\/iate.oac.uncor.edu\/en\/wp-json\/wp\/v2\/categories?post=2465"},{"taxonomy":"post_tag","embeddable":true,"href":"https:\/\/iate.oac.uncor.edu\/en\/wp-json\/wp\/v2\/tags?post=2465"}],"curies":[{"name":"wp","href":"https:\/\/api.w.org\/{rel}","templated":true}]}}