{"id":2539,"date":"2020-06-24T11:35:57","date_gmt":"2020-06-24T14:35:57","guid":{"rendered":"https:\/\/iate.oac.uncor.edu\/?p=2539"},"modified":"2020-06-24T11:35:57","modified_gmt":"2020-06-24T14:35:57","slug":"convocatoria-a-becas-2020","status":"publish","type":"post","link":"https:\/\/iate.oac.uncor.edu\/en\/2020\/06\/24\/convocatoria-a-becas-2020\/","title":{"rendered":"Convocatoria a Becas 2020"},"content":{"rendered":"<p style=\"text-align: justify;\"><span style=\"color: #003057;\"><strong>Se encuentran disponibles las bases para el nuevo llamado a becas 2020. El llamado estar\u00e1 disponible a partir del 13 de julio para Becas Internas Doctorales, de Finalizaci\u00f3n de Doctorado y Postdoctorales de todas las modalidades ofrecidas. Toda la informaci\u00f3n en la p\u00e1gina del <a style=\"color: #003057;\" href=\"https:\/\/cordoba.conicet.gov.ar\/convocatoria-de-becas-2020\/\">CTT C\u00f3rdoba<\/a>. Compartimos igualmente, informaci\u00f3n importante:<\/strong><\/span><\/p>\n<p style=\"font-weight: 400; text-align: justify;\">El cronograma publicado es el siguiente:<\/p>\n<p style=\"font-weight: 400; text-align: justify;\"><strong>Finalizaci\u00f3n de Doctorado<\/strong>: 13 al 31 de julio de 2020.<\/p>\n<p style=\"font-weight: 400; text-align: justify;\"><strong>Doctorales:<\/strong>\u00a0del 13 de julio al\u00a0 7 de agosto de 2020.<\/p>\n<p style=\"font-weight: 400; text-align: justify;\"><strong>Postdoctorales:<\/strong>\u00a013 de julio al 14 de agosto de 2020.<\/p>\n<p style=\"font-weight: 400; text-align: justify;\">Seg\u00fan nos han comunicado, el tratamiento en directorio ser\u00eda en Diciembre y la publicaci\u00f3n de los resultados a mediados de Enero 2021.<\/p>\n<p style=\"font-weight: 400; text-align: justify;\"><strong>En esta oportunidad, dadas las circunstancias excepcionales que estamos viviendo, l<u>os becarios doctorales que finalicen su beca durante 2021 ( cualquiera sea la fecha y en cualquier modalidad de beca)<\/u>\u00a0podr\u00e1n ingresar a sistema (como si postularan a posdoc) y elegir ,\u00a0<u>una SOLA vez sin posibilidad de cambio\u00a0<\/u>entre el 13 de Julio y hasta el cierre de la convocatoria ( reiteramos, una vez realizada la opci\u00f3n no se aceptar\u00e1n modificaciones), entre tres opciones:<\/strong><\/p>\n<p style=\"font-weight: 400; text-align: justify;\"><strong>1)<\/strong><strong>\u00a0\u00a0\u00a0\u00a0\u00a0\u00a0<\/strong><strong>Prorrogar por un a\u00f1o su beca ( autom\u00e1tico)<\/strong><\/p>\n<p style=\"font-weight: 400; text-align: justify;\"><strong>2)<\/strong><strong>\u00a0\u00a0\u00a0\u00a0\u00a0\u00a0<\/strong><strong>Postularse a Beca Posdoctoral.<\/strong><\/p>\n<p style=\"font-weight: 400; text-align: justify;\"><strong>3)<\/strong><strong>\u00a0\u00a0\u00a0\u00a0\u00a0\u00a0<\/strong><strong>Ninguna de las dos ( por tanto su beca finalizara en la fecha estipulada anteriormente)<\/strong><\/p>\n<p style=\"font-weight: 400; text-align: justify;\"><strong>A todos los becarios en condiciones de realizar esta elecci\u00f3n se les envi\u00f3 una comunicaci\u00f3n por SINE el d\u00eda 16 de Junio.<\/strong><\/p>\n<p style=\"font-weight: 400; text-align: justify;\"><strong>Asimismo les informamos algunos cambios puntuales de esta convocatoria 2020 respecto la del a\u00f1o anterior:<\/strong><\/p>\n<ol style=\"text-align: justify;\">\n<li style=\"font-weight: 400;\">En la convocatoria 2019 \u00a0de becas doctorales se aceptaron hasta siete (7) materias adeudadas,\u00a0<strong><u>en esta nueva convocatoria se aceptaran hasta 8 materias adeudadas.<\/u><\/strong><\/li>\n<li style=\"font-weight: 400;\">Debido a las restricciones por el Aislamiento Social Preventivo y Obligatorio,\u00a0<strong>se aceptaran las historias acad\u00e9micas disponibles en los sistemas oficiales de la Universidad del postulante<\/strong>\u00a0\u00a0(i.e. GUARANI) en vez del certificados anal\u00edticos en papel.<\/li>\n<li style=\"font-weight: 400;\"><strong><u>Las postulaciones a las becas son EXCLUYENTES entre s\u00ed<\/u><\/strong><u>.\u00a0<\/u>Un candidato NO podr\u00e1 postularse simult\u00e1neamente a la convocatoria temas estrat\u00e9gicos y general, por ejemplo.<\/li>\n<li style=\"font-weight: 400;\">En relaci\u00f3n al punto anterior, vale la pena aclarar que<u>\u00a0en la convocatoria a temas estrat\u00e9gicos, las solicitudes que sean evaluadas como \u201cNo Pertinente\u201d permanecer\u00e1n en \u00e9sta convocatoria y ser\u00e1n Denegadas al resolver la misma,\u00a0<strong>sin ofrecer la posibilidad de participar de la Convocatoria General como en anteriores oportunidades.<\/strong><\/u><\/li>\n<li style=\"font-weight: 400;\"><strong><u><\/u><u>\u00a0<\/u><\/strong><u>Debido a las restricciones por el Aislamiento Social Preventivo y Obligatorio, se incorporaron modificaciones en los requisitos de firmas para la postulaci\u00f3n:<\/u><\/li>\n<\/ol>\n<p style=\"font-weight: 400; text-align: justify;\"><strong><u>-Firma del postulante<\/u><\/strong><u>: Ser\u00e1 firma electr\u00f3nica (POR SISTEMA) cuando env\u00ede la solicitud<\/u><\/p>\n<p style=\"font-weight: 400; text-align: justify;\"><strong><u>-Aval Directoras\/es y Codirectoras\/es propuestos<\/u><\/strong><u>: Se considerar\u00e1 la vinculaci\u00f3n al tr\u00e1mite como aval; no se solicita firma.<\/u><\/p>\n<p style=\"font-weight: 400; text-align: justify;\"><strong><u>-Aval del Lugar de Trabajo<\/u><\/strong><u>: Se deber\u00e1 adjuntar en el formulario que descargan de la solicitud<strong>. Dicho formulario es EXCLUSIVO para este aval que es el \u00fanico que deber\u00e1 firmarse en papel y enviarse en formato digital.<\/strong><\/u><\/p>\n<p style=\"font-weight: 400; text-align: justify;\"><strong><em>\u00a0<\/em><\/strong><\/p>","protected":false},"excerpt":{"rendered":"<p>Se encuentran disponibles las bases para el nuevo llamado a becas 2020. El llamado estar\u00e1 disponible a partir del 13 de julio para Becas Internas Doctorales, de Finalizaci\u00f3n de Doctorado y Postdoctorales de todas las modalidades ofrecidas. Toda la informaci\u00f3n en la p\u00e1gina del CTT C\u00f3rdoba. Compartimos igualmente, informaci\u00f3n importante:&hellip;<\/p>","protected":false},"author":1,"featured_media":2320,"comment_status":"closed","ping_status":"closed","sticky":false,"template":"","format":"standard","meta":{"footnotes":""},"categories":[3],"tags":[],"class_list":["post-2539","post","type-post","status-publish","format-standard","has-post-thumbnail","hentry","category-novedades"],"_links":{"self":[{"href":"https:\/\/iate.oac.uncor.edu\/en\/wp-json\/wp\/v2\/posts\/2539","targetHints":{"allow":["GET"]}}],"collection":[{"href":"https:\/\/iate.oac.uncor.edu\/en\/wp-json\/wp\/v2\/posts"}],"about":[{"href":"https:\/\/iate.oac.uncor.edu\/en\/wp-json\/wp\/v2\/types\/post"}],"author":[{"embeddable":true,"href":"https:\/\/iate.oac.uncor.edu\/en\/wp-json\/wp\/v2\/users\/1"}],"replies":[{"embeddable":true,"href":"https:\/\/iate.oac.uncor.edu\/en\/wp-json\/wp\/v2\/comments?post=2539"}],"version-history":[{"count":0,"href":"https:\/\/iate.oac.uncor.edu\/en\/wp-json\/wp\/v2\/posts\/2539\/revisions"}],"wp:featuredmedia":[{"embeddable":true,"href":"https:\/\/iate.oac.uncor.edu\/en\/wp-json\/wp\/v2\/media\/2320"}],"wp:attachment":[{"href":"https:\/\/iate.oac.uncor.edu\/en\/wp-json\/wp\/v2\/media?parent=2539"}],"wp:term":[{"taxonomy":"category","embeddable":true,"href":"https:\/\/iate.oac.uncor.edu\/en\/wp-json\/wp\/v2\/categories?post=2539"},{"taxonomy":"post_tag","embeddable":true,"href":"https:\/\/iate.oac.uncor.edu\/en\/wp-json\/wp\/v2\/tags?post=2539"}],"curies":[{"name":"wp","href":"https:\/\/api.w.org\/{rel}","templated":true}]}}