{"id":4153,"date":"2023-11-21T15:58:04","date_gmt":"2023-11-21T18:58:04","guid":{"rendered":"https:\/\/iate.oac.uncor.edu\/?p=4153"},"modified":"2023-11-21T16:06:07","modified_gmt":"2023-11-21T19:06:07","slug":"reconocimiento-del-concejo-deliberante-de-la-ciudad-de-cordoba-a-una-reunion-cientifica-organizada-por-el-iate","status":"publish","type":"post","link":"https:\/\/iate.oac.uncor.edu\/en\/2023\/11\/21\/reconocimiento-del-concejo-deliberante-de-la-ciudad-de-cordoba-a-una-reunion-cientifica-organizada-por-el-iate\/","title":{"rendered":"Reconocimiento del Concejo Deliberante de la Ciudad de C\u00f3rdoba a una reuni\u00f3n cient\u00edfica organizada por el IATE"},"content":{"rendered":"<p><span style=\"font-size: 14pt;\"><strong>La \u201cIV Reuni\u00f3n Regional de Astronom\u00eda Extragal\u00e1ctica: 60 a\u00f1os de la Ley Sersic\u201d recibi\u00f3 el benepl\u00e1cito el pasado 9 de noviembre.<\/strong> <\/span><\/p>\n<p>&nbsp;<\/p>\n<p><span style=\"font-size: 14pt;\">La Reuni\u00f3n, organizada por el IATE, sigue con una tradici\u00f3n de reuniones de gran relevancia cient\u00edfica. Las dos primeras fueron organizadas en 1975 y 1987 por el Dr. S\u00e9rsic, fundador del IATE, uno de los pioneros y referentes m\u00e1s importantes de la Astronom\u00eda Extragal\u00e1ctica. La tercera se celebr\u00f3 en 1996 tambi\u00e9n en la Ciudad de C\u00f3rdoba. En todas ellas participaron referentes del \u00e1rea de diferentes latitudes. La 4\u00aa Reuni\u00f3n Regional de Astronom\u00eda Extragal\u00e1ctica se llevar\u00e1 a cabo del 4 al 7 de diciembre de este a\u00f1o y tambi\u00e9n contar\u00e1 con charlas de gran valor cient\u00edfico relacionadas con la evoluci\u00f3n de la estructura a gran escala del Universo, astrof\u00edsica de galaxias, modelos de formaci\u00f3n de galaxias y evoluci\u00f3n de galaxias, nuevas capacidades de observaci\u00f3n y estudios de galaxias, big data y t\u00e9cnicas de aprendizaje autom\u00e1tico en astronom\u00eda extragal\u00e1ctica<\/span><\/p>\n<p><span style=\"font-size: 14pt;\">El IATE agradece y aprecia el reconocimiento brindado por parte de la Ciudad de C\u00f3rdoba, dado que el mismo simboliza el valor que la sociedad otorga a las actividades cient\u00edficas. En particular, a esta reuni\u00f3n que conmemora uno de los aportes m\u00e1s destacados de su fundador, la \u201cLey de Sersic\u201d. Reconocida mundialmente, esta ley formulada desde C\u00f3rdoba se convirti\u00f3 en una herramienta de uso com\u00fan en la astronom\u00eda, siendo de importancia central en los estudios de poblaciones de galaxias.<\/span><\/p>\n<p><span style=\"font-size: 14pt;\">Toda la informaci\u00f3n de la reuni\u00f3n puede encontrarse en siguiente p\u00e1gina web: https:\/\/extragalacticmeeting.conicet.unc.edu.ar\/<\/span><\/p>\n<p>&nbsp;<\/p>\n<figure id=\"attachment_4156\" aria-describedby=\"caption-attachment-4156\" style=\"width: 1467px\" class=\"wp-caption aligncenter\"><img loading=\"lazy\" decoding=\"async\" class=\"wp-image-4156 size-full\" src=\"https:\/\/iate.oac.uncor.edu\/wp-content\/uploads\/2023\/11\/placaconsejodeliberante-e1700592956830.jpg\" alt=\"\" width=\"1467\" height=\"1142\" srcset=\"https:\/\/iate.oac.uncor.edu\/wp-content\/uploads\/2023\/11\/placaconsejodeliberante-e1700592956830.jpg 1467w, https:\/\/iate.oac.uncor.edu\/wp-content\/uploads\/2023\/11\/placaconsejodeliberante-e1700592956830-300x234.jpg 300w, https:\/\/iate.oac.uncor.edu\/wp-content\/uploads\/2023\/11\/placaconsejodeliberante-e1700592956830-1024x797.jpg 1024w, https:\/\/iate.oac.uncor.edu\/wp-content\/uploads\/2023\/11\/placaconsejodeliberante-e1700592956830-15x12.jpg 15w\" sizes=\"auto, (max-width: 1467px) 100vw, 1467px\" \/><figcaption id=\"caption-attachment-4156\" class=\"wp-caption-text\"><span style=\"font-size: 12pt;\">Placa entregada al IATE por parte del Concejo Deliberante de la Ciudad de C\u00f3rdoba.<\/span><\/figcaption><\/figure>\n<p>&nbsp;<\/p>\n<p>&nbsp;<\/p>","protected":false},"excerpt":{"rendered":"<p>La \u201cIV Reuni\u00f3n Regional de Astronom\u00eda Extragal\u00e1ctica: 60 a\u00f1os de la Ley Sersic\u201d recibi\u00f3 el benepl\u00e1cito el pasado 9 de noviembre. &nbsp; La Reuni\u00f3n, organizada por el IATE, sigue con una tradici\u00f3n de reuniones de gran relevancia cient\u00edfica. Las dos primeras fueron organizadas en 1975 y 1987 por el Dr.&hellip;<\/p>","protected":false},"author":6,"featured_media":4154,"comment_status":"closed","ping_status":"closed","sticky":false,"template":"","format":"standard","meta":{"footnotes":""},"categories":[18,3],"tags":[],"class_list":["post-4153","post","type-post","status-publish","format-standard","has-post-thumbnail","hentry","category-comunicacion-de-la-ciencia","category-novedades"],"_links":{"self":[{"href":"https:\/\/iate.oac.uncor.edu\/en\/wp-json\/wp\/v2\/posts\/4153","targetHints":{"allow":["GET"]}}],"collection":[{"href":"https:\/\/iate.oac.uncor.edu\/en\/wp-json\/wp\/v2\/posts"}],"about":[{"href":"https:\/\/iate.oac.uncor.edu\/en\/wp-json\/wp\/v2\/types\/post"}],"author":[{"embeddable":true,"href":"https:\/\/iate.oac.uncor.edu\/en\/wp-json\/wp\/v2\/users\/6"}],"replies":[{"embeddable":true,"href":"https:\/\/iate.oac.uncor.edu\/en\/wp-json\/wp\/v2\/comments?post=4153"}],"version-history":[{"count":0,"href":"https:\/\/iate.oac.uncor.edu\/en\/wp-json\/wp\/v2\/posts\/4153\/revisions"}],"wp:featuredmedia":[{"embeddable":true,"href":"https:\/\/iate.oac.uncor.edu\/en\/wp-json\/wp\/v2\/media\/4154"}],"wp:attachment":[{"href":"https:\/\/iate.oac.uncor.edu\/en\/wp-json\/wp\/v2\/media?parent=4153"}],"wp:term":[{"taxonomy":"category","embeddable":true,"href":"https:\/\/iate.oac.uncor.edu\/en\/wp-json\/wp\/v2\/categories?post=4153"},{"taxonomy":"post_tag","embeddable":true,"href":"https:\/\/iate.oac.uncor.edu\/en\/wp-json\/wp\/v2\/tags?post=4153"}],"curies":[{"name":"wp","href":"https:\/\/api.w.org\/{rel}","templated":true}]}}