{"id":4881,"date":"2025-10-27T15:35:18","date_gmt":"2025-10-27T18:35:18","guid":{"rendered":"https:\/\/iate.oac.uncor.edu\/?p=4881"},"modified":"2025-10-27T15:35:19","modified_gmt":"2025-10-27T18:35:19","slug":"viernes-31-10-las-redes-neuronales-y-el-premio-nobel-de-fisica-2024","status":"publish","type":"post","link":"https:\/\/iate.oac.uncor.edu\/en\/2025\/10\/27\/viernes-31-10-las-redes-neuronales-y-el-premio-nobel-de-fisica-2024\/","title":{"rendered":"Viernes 31\/10: Las redes neuronales y el premio Nobel de F\u00edsica 2024"},"content":{"rendered":"<p><br><em>Una mirada desde las ciencias naturales a la historia del aprendizaje autom\u00e1tico neuronal<\/em><\/p>\n\n\n\n<p><strong>Expositor:&nbsp;<\/strong>&nbsp;Francisco Tamarit (UNC, FAMAF \/ CONICET, IFEG)<strong>Date:&nbsp;<\/strong>viernes 31 de octubre, 11:30 hs.<\/p>\n\n\n\n<p><strong>Abstract:&nbsp;<\/strong>La charla propone un recorrido por la evoluci\u00f3n del aprendizaje autom\u00e1tico neuronal desde la perspectiva de las ciencias naturales, y en particular, desde la f\u00edsica estad\u00edstica de los materiales complejos. M\u00e1s que una secuencia de innovaciones tecnol\u00f3gicas, se presentar\u00e1 una historia de ideas para intentar explicar c\u00f3mo la f\u00edsica, la biolog\u00eda y la psicolog\u00eda confluyeron en la comprensi\u00f3n del aprendizaje como fen\u00f3meno emergente de un sistema complejo natural paradigm\u00e1tico: el cerebro.<\/p>\n\n\n\n<p>Desde el descubrimiento de las neuronas por Ram\u00f3n y Cajal hasta las redes profundas actuales, el desarrollo de las redes neuronales puede verse como una extensi\u00f3n natural de la f\u00edsica estad\u00edstica al dominio del procesamiento inteligente de la informaci\u00f3n. En este marco se retomar\u00e1n los aportes reconocidos por el Premio Nobel de F\u00edsica 2021, otorgado, entre otros, a Giorgio Parisi por el estudio de sistemas desordenados y complejos, y el Premio Nobel de F\u00edsica 2024, otorgado a John Hopfield y Geoffrey Hinton por haber sentado las bases te\u00f3ricas del actual aprendizaje profundo, mostrando c\u00f3mo ambos campos convergen en una misma pregunta fundamental: \u00bfc\u00f3mo puede la inteligencia emerger de la autoorganizaci\u00f3n de la materia?<\/p>","protected":false},"excerpt":{"rendered":"<p>Una mirada desde las ciencias naturales a la historia del aprendizaje autom\u00e1tico neuronal Expositor:&nbsp;&nbsp;Francisco Tamarit (UNC, FAMAF \/ CONICET, IFEG)Fecha:&nbsp;viernes 31 de octubre, 11:30 hs. Resumen:&nbsp;La charla propone un recorrido por la evoluci\u00f3n del aprendizaje autom\u00e1tico neuronal desde la perspectiva de las ciencias naturales, y en particular, desde la f\u00edsica&hellip;<\/p>","protected":false},"author":1,"featured_media":4883,"comment_status":"closed","ping_status":"closed","sticky":false,"template":"","format":"standard","meta":{"footnotes":""},"categories":[3,9],"tags":[],"class_list":["post-4881","post","type-post","status-publish","format-standard","has-post-thumbnail","hentry","category-novedades","category-seminarios"],"_links":{"self":[{"href":"https:\/\/iate.oac.uncor.edu\/en\/wp-json\/wp\/v2\/posts\/4881","targetHints":{"allow":["GET"]}}],"collection":[{"href":"https:\/\/iate.oac.uncor.edu\/en\/wp-json\/wp\/v2\/posts"}],"about":[{"href":"https:\/\/iate.oac.uncor.edu\/en\/wp-json\/wp\/v2\/types\/post"}],"author":[{"embeddable":true,"href":"https:\/\/iate.oac.uncor.edu\/en\/wp-json\/wp\/v2\/users\/1"}],"replies":[{"embeddable":true,"href":"https:\/\/iate.oac.uncor.edu\/en\/wp-json\/wp\/v2\/comments?post=4881"}],"version-history":[{"count":2,"href":"https:\/\/iate.oac.uncor.edu\/en\/wp-json\/wp\/v2\/posts\/4881\/revisions"}],"predecessor-version":[{"id":4884,"href":"https:\/\/iate.oac.uncor.edu\/en\/wp-json\/wp\/v2\/posts\/4881\/revisions\/4884"}],"wp:featuredmedia":[{"embeddable":true,"href":"https:\/\/iate.oac.uncor.edu\/en\/wp-json\/wp\/v2\/media\/4883"}],"wp:attachment":[{"href":"https:\/\/iate.oac.uncor.edu\/en\/wp-json\/wp\/v2\/media?parent=4881"}],"wp:term":[{"taxonomy":"category","embeddable":true,"href":"https:\/\/iate.oac.uncor.edu\/en\/wp-json\/wp\/v2\/categories?post=4881"},{"taxonomy":"post_tag","embeddable":true,"href":"https:\/\/iate.oac.uncor.edu\/en\/wp-json\/wp\/v2\/tags?post=4881"}],"curies":[{"name":"wp","href":"https:\/\/api.w.org\/{rel}","templated":true}]}}